{"id":4721,"date":"2026-09-04T16:47:03","date_gmt":"2026-09-04T16:47:03","guid":{"rendered":"https:\/\/www.newlong.nl\/blog\/perspectives-emballage-papier-2027\/"},"modified":"2026-09-04T16:47:03","modified_gmt":"2026-09-04T16:47:03","slug":"perspectives-emballage-papier-2027","status":"publish","type":"post","link":"https:\/\/www.newlong.nl\/fr\/blog\/perspectives-emballage-papier-2027\/","title":{"rendered":"Perspectives emballage papier 2027 : cinq forces qui redessinent la planification de capacit\u00e9"},"content":{"rendered":"\n<p class=\"wp-block-paragraph\">La production papeti\u00e8re europ\u00e9enne recule, mais pas la sorte qui sert \u00e0 fabriquer les sacs en papier. En 2025, la production totale europ\u00e9enne de papier et carton a baiss\u00e9 de 1,6% pour atteindre 77,4 millions de tonnes, et le premier trimestre 2026 s&rsquo;est \u00e9tabli 2,4% en dessous, selon <a href=\"https:\/\/www.cepi.org\/statistics\/\" target=\"_blank\" rel=\"noopener nofollow\">Cepi<\/a>, la Conf\u00e9d\u00e9ration des industries papeti\u00e8res europ\u00e9ennes. Pourtant, au sein de ce recul, la production des sortes de papier d&#8217;emballage, que Cepi d\u00e9finit elle-m\u00eame comme les sortes utilis\u00e9es pour la fabrication de sacs en papier, a progress\u00e9 de 1,0%. La m\u00eame ann\u00e9e, les livraisons europ\u00e9ennes de sacs en papier ont grimp\u00e9 de 2,7% pour atteindre 5,69 milliards d&rsquo;unit\u00e9s, d&rsquo;apr\u00e8s les chiffres d&rsquo;<a href=\"https:\/\/www.eurosac.org\/\" target=\"_blank\" rel=\"noopener nofollow\">EUROSAC<\/a> publi\u00e9s en juin 2026.<\/p>\n\n\n\n<p class=\"wp-block-paragraph\">Cet \u00e9cart est l&rsquo;\u00e9l\u00e9ment le plus important pour quiconque \u00e9tablit aujourd&rsquo;hui un budget d&rsquo;investissement pour 2027. Le chiffre qui fait les titres est n\u00e9gatif. Celui de votre sorte ne l&rsquo;est pas. Un transformateur qui planifie sa capacit\u00e9 sur la base du chiffre global sous-investira dans un march\u00e9 qui cro\u00eet discr\u00e8tement. Cet article expose les cinq forces \u00e0 l&rsquo;origine de cet \u00e9cart, chacune avec les donn\u00e9es qui la fondent, et ce que chacune implique pour une d\u00e9cision que vous devez prendre dans les prochains mois.<\/p>\n\n\n\n<figure class=\"wp-block-image size-large\"><img loading=\"lazy\" decoding=\"async\" width=\"1600\" height=\"864\" src=\"https:\/\/www.newlong.nl\/wp-content\/uploads\/2026\/09\/five-forces-converter-capacity-planning-2027.jpg\" alt=\"Cinq forces qui redessinent la planification de capacit\u00e9 des fabricants de sacs en papier en 2027\" class=\"wp-image-4701\" srcset=\"https:\/\/www.newlong.nl\/wp-content\/uploads\/2026\/09\/five-forces-converter-capacity-planning-2027.jpg 1600w, https:\/\/www.newlong.nl\/wp-content\/uploads\/2026\/09\/five-forces-converter-capacity-planning-2027-300x162.jpg 300w, https:\/\/www.newlong.nl\/wp-content\/uploads\/2026\/09\/five-forces-converter-capacity-planning-2027-1024x553.jpg 1024w, https:\/\/www.newlong.nl\/wp-content\/uploads\/2026\/09\/five-forces-converter-capacity-planning-2027-768x415.jpg 768w, https:\/\/www.newlong.nl\/wp-content\/uploads\/2026\/09\/five-forces-converter-capacity-planning-2027-1536x829.jpg 1536w\" sizes=\"auto, (max-width: 1600px) 100vw, 1600px\" \/><figcaption class=\"wp-element-caption\">Les cinq forces en un coup d&rsquo;oeil : papier d&#8217;emballage en hausse de 1,0%, l&rsquo;\u00e9ch\u00e9ance de recyclabilit\u00e9 de 2030, le ciment seul segment en recul \u00e0 moins 0,6%, 97,3 grammes de CO2e par sac, et des importations \u00e0 un record de 7,7% de la consommation europ\u00e9enne.<\/figcaption><\/figure>\n\n\n\n<h2 class=\"wp-block-heading\">Force 1 : le secteur se contracte, pas votre sorte<\/h2>\n\n\n\n<p class=\"wp-block-paragraph\"><strong>La r\u00e9ponse courte :<\/strong> le recul du papier europ\u00e9en se concentre sur les papiers graphiques et le carton compact. Les sortes d&#8217;emballage sont rest\u00e9es quasiment stables, et les sortes servant \u00e0 la fabrication de sacs ont progress\u00e9. Faire une moyenne sur toutes les sortes masque pr\u00e9cis\u00e9ment le signal dont un fabricant de sacs a besoin.<\/p>\n\n\n\n<p class=\"wp-block-paragraph\">Les statistiques 2025 de Cepi d\u00e9taillent la situation par sorte, et l&rsquo;\u00e9cart entre la meilleure et la moins bonne d\u00e9passe huit points de pourcentage. Les papiers graphiques, utilis\u00e9s pour l&rsquo;impression et l&rsquo;\u00e9criture, ont chut\u00e9 de 7,3%, poursuivant un d\u00e9clin structurel port\u00e9 par la num\u00e9risation. Le carton compact, principalement destin\u00e9 aux emballages de vente, a recul\u00e9 de 5,6%. En face, les sortes d&#8217;emballage dans leur ensemble n&rsquo;ont boug\u00e9 que de 0,2%, le carton ondul\u00e9 a gagn\u00e9 1,7%, et les sortes de papier d&#8217;emballage ont progress\u00e9 de 1,0%.<\/p>\n\n\n\n<figure class=\"wp-block-table\"><table><thead><tr><th>Production europ\u00e9enne par sorte, 2025<\/th><th>\u00c9volution vs 2024<\/th><\/tr><\/thead><tbody><tr><td>Papiers graphiques<\/td><td>-7,3%<\/td><\/tr><tr><td>Carton compact (emballage de vente)<\/td><td>-5,6%<\/td><\/tr><tr><td>Ensemble des sortes d&#8217;emballage<\/td><td>+0,2%<\/td><\/tr><tr><td><strong>Papier d&#8217;emballage (fabrication de sacs)<\/strong><\/td><td><strong>+1,0%<\/strong><\/td><\/tr><tr><td>Carton ondul\u00e9<\/td><td>+1,7%<\/td><\/tr><tr><td><strong>Total papier et carton (77,4 millions de tonnes)<\/strong><\/td><td><strong>-1,6%<\/strong><\/td><\/tr><\/tbody><\/table><figcaption class=\"wp-block-table__figcaption\">Source : Cepi Preliminary Statistics 2025, publi\u00e9es en f\u00e9vrier 2026, avec les chiffres r\u00e9vis\u00e9s de la publication Cepi de juillet 2026.<\/figcaption><\/figure>\n\n\n\n<p class=\"wp-block-paragraph\">La composition de la production papeti\u00e8re europ\u00e9enne se d\u00e9place en cons\u00e9quence. Les sortes d&#8217;emballage repr\u00e9sentaient 63,9% de la production totale en 2025, contre 62,9% un an plus t\u00f4t, tandis que les sortes graphiques passaient de 22,0% \u00e0 20,8%. L&rsquo;Europe ne produit pas moins de papier parce que la demande d&#8217;emballage se serait effondr\u00e9e. Elle en produit moins parce que les sortes d\u00e9j\u00e0 en d\u00e9clin structurel ont continu\u00e9 de reculer, et que l&#8217;emballage a tenu bon.<\/p>\n\n\n\n<p class=\"wp-block-paragraph\"><strong>Ce que cela signifie pour votre planification.<\/strong> Si votre direction ou votre banque s&rsquo;appuie sur les titres du secteur pour juger de la pertinence d&rsquo;un investissement machine, pr\u00e9sentez plut\u00f4t les donn\u00e9es par sorte. Un transformateur \u00e9quip\u00e9 de <a href=\"https:\/\/www.newlong.nl\/fr\/produits\/fabrication-de-sacs\/\">machines \u00e0 fabriquer des sacs en papier<\/a> est expos\u00e9 \u00e0 la demande de papier d&#8217;emballage et de kraft pour sacs, pas au march\u00e9 du papier graphique qui tire la moyenne vers le bas. Ce sont des march\u00e9s diff\u00e9rents avec des trajectoires diff\u00e9rentes, et cette distinction m\u00e9rite d&rsquo;\u00eatre pos\u00e9e explicitement dans un dossier d&rsquo;investissement.<\/p>\n\n\n\n<h2 class=\"wp-block-heading\">Force 2 : le PPWR n&rsquo;est plus une r\u00e9glementation mais un cahier des charges d&rsquo;achat<\/h2>\n\n\n\n<p class=\"wp-block-paragraph\"><strong>La r\u00e9ponse courte :<\/strong> le r\u00e8glement europ\u00e9en sur les emballages s&rsquo;applique depuis le 12 ao\u00fbt 2026. Les exigences qui changent ce qu&rsquo;une machine doit savoir faire arrivent entre 2027 et 2030, et compte tenu des d\u00e9lais de livraison des machines, la d\u00e9cision d&rsquo;achat vient en premier.<\/p>\n\n\n\n<figure class=\"wp-block-image size-large\"><img loading=\"lazy\" decoding=\"async\" width=\"1600\" height=\"627\" src=\"https:\/\/www.newlong.nl\/wp-content\/uploads\/2026\/09\/ppwr-compliance-timeline-2026-2030.jpg\" alt=\"Calendrier PPWR d'ao\u00fbt 2026 \u00e0 janvier 2030 pour les fabricants de sacs en papier\" class=\"wp-image-4709\" srcset=\"https:\/\/www.newlong.nl\/wp-content\/uploads\/2026\/09\/ppwr-compliance-timeline-2026-2030.jpg 1600w, https:\/\/www.newlong.nl\/wp-content\/uploads\/2026\/09\/ppwr-compliance-timeline-2026-2030-300x118.jpg 300w, https:\/\/www.newlong.nl\/wp-content\/uploads\/2026\/09\/ppwr-compliance-timeline-2026-2030-1024x401.jpg 1024w, https:\/\/www.newlong.nl\/wp-content\/uploads\/2026\/09\/ppwr-compliance-timeline-2026-2030-768x301.jpg 768w, https:\/\/www.newlong.nl\/wp-content\/uploads\/2026\/09\/ppwr-compliance-timeline-2026-2030-1536x602.jpg 1536w\" sizes=\"auto, (max-width: 1600px) 100vw, 1600px\" \/><figcaption class=\"wp-element-caption\">Le PPWR s&rsquo;applique depuis le 12 ao\u00fbt 2026. Les normes harmonis\u00e9es sont demand\u00e9es en f\u00e9vrier 2027, les exigences d&rsquo;\u00e9tiquetage s&rsquo;appliquent \u00e0 partir de 2028, et au 1er janvier 2030 tout emballage devra \u00eatre recyclable.<\/figcaption><\/figure>\n\n\n\n<p class=\"wp-block-paragraph\">Le r\u00e8glement n&rsquo;est plus une proposition \u00e0 surveiller. Il s&rsquo;applique maintenant, et les obligations progressives qui suivent sont d\u00e9j\u00e0 dat\u00e9es. \u00c0 partir du 12 f\u00e9vrier 2027, les \u00e9tablissements de restauration devront accepter les contenants apport\u00e9s par le client, et \u00e0 cette m\u00eame date la Commission europ\u00e9enne devra avoir demand\u00e9 des normes harmonis\u00e9es pour la minimisation des emballages. La m\u00e9thode de calcul des taux de r\u00e9emploi suivra au plus tard le 30 juin 2027. Les exigences harmonis\u00e9es d&rsquo;\u00e9tiquetage s&rsquo;appliqueront \u00e0 partir de 2028, la m\u00e9thode de calcul de la minimisation devant \u00eatre d\u00e9finie au plus tard le 12 f\u00e9vrier 2028. Vient ensuite l&rsquo;\u00e9ch\u00e9ance ferme : \u00e0 compter du 1er janvier 2030, tout emballage mis sur le march\u00e9 de l&rsquo;UE devra \u00eatre recyclable, et seuls les emballages class\u00e9s A \u00e0 C en recyclabilit\u00e9 pourront encore \u00eatre vendus.<\/p>\n\n\n\n<figure class=\"wp-block-table\"><table><thead><tr><th>Date<\/th><th>Exigence<\/th><\/tr><\/thead><tbody><tr><td>12 ao\u00fbt 2026<\/td><td>Le PPWR devient applicable dans toute l&rsquo;UE<\/td><\/tr><tr><td>12 f\u00e9vrier 2027<\/td><td>Obligation de r\u00e9emploi pour la restauration ; la Commission demande des normes harmonis\u00e9es de minimisation<\/td><\/tr><tr><td>30 juin 2027<\/td><td>M\u00e9thode de calcul des taux de r\u00e9emploi \u00e9tablie<\/td><\/tr><tr><td>2028<\/td><td>Exigences harmonis\u00e9es d&rsquo;\u00e9tiquetage applicables<\/td><\/tr><tr><td>12 f\u00e9vrier 2028<\/td><td>M\u00e9thode de calcul de la minimisation d\u00e9finie<\/td><\/tr><tr><td>1er janvier 2030<\/td><td>Tout emballage doit \u00eatre recyclable ; seules les classes A \u00e0 C peuvent \u00eatre commercialis\u00e9es<\/td><\/tr><tr><td>1er janvier 2030<\/td><td>Maximum 50% de vide dans les emballages group\u00e9s, de transport et de commerce \u00e9lectronique<\/td><\/tr><\/tbody><\/table><figcaption class=\"wp-block-table__figcaption\">Source : <a href=\"https:\/\/eur-lex.europa.eu\/eli\/reg\/2025\/40\/oj\" target=\"_blank\" rel=\"noopener nofollow\">R\u00e8glement (UE) 2025\/40<\/a> relatif aux emballages et aux d\u00e9chets d&#8217;emballages.<\/figcaption><\/figure>\n\n\n\n<p class=\"wp-block-paragraph\"><strong>Ce que cela signifie pour votre planification.<\/strong> Raisonnez \u00e0 rebours depuis 2030. Une ligne command\u00e9e en 2027 sera mise en service en 2028 et tournera encore en 2035. Elle devra donc traiter des constructions monomat\u00e9riau et des fermetures recyclables pendant l&rsquo;essentiel de sa vie utile, non pas en rattrapage mais comme sp\u00e9cification. Les questions concr\u00e8tes \u00e0 poser d\u00e8s maintenant \u00e0 tout fournisseur : la ligne peut-elle traiter du papier monomat\u00e9riau sans doublure plastique, la m\u00e9thode de fermeture maintient-elle le sac fini dans une seule fili\u00e8re de recyclage, et les changements de format sont-ils possibles sans nouvel outillage \u00e0 chaque fois qu&rsquo;un client reformule son emballage pour atteindre une classe de recyclabilit\u00e9. Nous avons trait\u00e9 le d\u00e9tail de la conformit\u00e9 dans notre <a href=\"https:\/\/www.newlong.nl\/fr\/blog\/reglementation-europeenne-emballage-sacs-papier-ppwr\/\">guide de la r\u00e9glementation europ\u00e9enne des emballages pour les fabricants de sacs en papier<\/a>.<\/p>\n\n\n\n<h2 class=\"wp-block-heading\">Force 3 : la demande se d\u00e9place entre march\u00e9s finaux, elle ne fait pas que cro\u00eetre<\/h2>\n\n\n\n<p class=\"wp-block-paragraph\"><strong>La r\u00e9ponse courte :<\/strong> les livraisons europ\u00e9ennes de sacs en papier ont progress\u00e9 de 2,7% en 2025, mais cette croissance est in\u00e9gale. Le ciment est le seul segment en recul. L&rsquo;alimentaire, la poudre de lait et les produits min\u00e9raux ont tous progress\u00e9 de plus de 5%. Un transformateur ancr\u00e9 dans la construction regarde une d\u00e9cennie diff\u00e9rente de celui qui sait produire aux normes alimentaires.<\/p>\n\n\n\n<p class=\"wp-block-paragraph\">Les statistiques EUROSAC 2025, publi\u00e9es en juin 2026, \u00e9tablissent les livraisons europ\u00e9ennes de sacs en papier \u00e0 5,69 milliards d&rsquo;unit\u00e9s, en hausse de 2,7%, repr\u00e9sentant 704 504 tonnes de papier transform\u00e9, en hausse de 2,5%. Les mat\u00e9riaux de construction hors ciment restent le premier segment avec environ 2,08 milliards de sacs, mais leur croissance est modeste \u00e0 2,2%. Les plus fortes progressions se situaient ailleurs.<\/p>\n\n\n\n<figure class=\"wp-block-table\"><table><thead><tr><th>Segment de march\u00e9 final<\/th><th>Sacs livr\u00e9s, 2025 (millions)<\/th><th>\u00c9volution vs 2024<\/th><\/tr><\/thead><tbody><tr><td>Produits min\u00e9raux<\/td><td>183<\/td><td>+6,4%<\/td><\/tr><tr><td>Poudre de lait<\/td><td>176<\/td><td>+6,3%<\/td><\/tr><tr><td>Alimentaire hors poudre de lait<\/td><td>866<\/td><td>+5,4%<\/td><\/tr><tr><td>Aliments pour animaux<\/td><td>532<\/td><td>+3,9%<\/td><\/tr><tr><td>Semences<\/td><td>145<\/td><td>+2,7%<\/td><\/tr><tr><td>Mat\u00e9riaux de construction hors ciment<\/td><td>2 084<\/td><td>+2,2%<\/td><\/tr><tr><td>Produits chimiques<\/td><td>322<\/td><td>+1,0%<\/td><\/tr><tr><td><strong>Ciment<\/strong><\/td><td>1 149<\/td><td><strong>-0,6%<\/strong><\/td><\/tr><tr><td><strong>Total<\/strong><\/td><td><strong>5 690<\/strong><\/td><td><strong>+2,7%<\/strong><\/td><\/tr><\/tbody><\/table><figcaption class=\"wp-block-table__figcaption\">Source : EUROSAC Annual Statistics 2025, publi\u00e9es en juin 2026. Estimations incluses pour les non-membres d&rsquo;EUROSAC. L&rsquo;Ukraine et la Russie sont exclues de la s\u00e9rie.<\/figcaption><\/figure>\n\n\n\n<p class=\"wp-block-paragraph\">Le ciment est le deuxi\u00e8me segment en volume et le seul en recul. Cela compte parce que les sacs \u00e0 ciment et les sacs alimentaires ne sont pas un travail interchangeable. Les applications alimentaires et poudre de lait imposent des exigences d&rsquo;hygi\u00e8ne, des tol\u00e9rances plus serr\u00e9es sur le rep\u00e9rage d&rsquo;impression pour les emballages de marque, des changements de format plus fr\u00e9quents et, souvent, des lots plus petits. Une usine configur\u00e9e pour de longues s\u00e9ries uniformes de sacs de construction ne peut pas simplement rediriger cette capacit\u00e9 vers les segments en croissance.<\/p>\n\n\n\n<p class=\"wp-block-paragraph\"><strong>Ce que cela signifie pour votre planification.<\/strong> Confrontez votre carnet de commandes \u00e0 ce tableau avant de sp\u00e9cifier quoi que ce soit. Si la majorit\u00e9 de votre volume est en ciment, la question de capacit\u00e9 n&rsquo;est pas \u00ab combien de plus de la m\u00eame chose \u00bb mais \u00ab que faut-il pour se qualifier en alimentaire \u00bb. Cela suppose g\u00e9n\u00e9ralement des changements de format plus rapides, une aptitude au nettoyage et des options de fermeture adapt\u00e9es aux produits alimentaires en poudre et en granul\u00e9s, et c&rsquo;est souvent l\u00e0 que <a href=\"https:\/\/www.newlong.nl\/fr\/produits\/ingenierie-des-sacs\/\">l&rsquo;ensacheuse et la fermeture<\/a> deviennent le facteur limitant plut\u00f4t que la machine \u00e0 sacs elle-m\u00eame.<\/p>\n\n\n\n<h2 class=\"wp-block-heading\">Force 4 : l&#8217;empreinte carbone par sac est devenue une question d&rsquo;achat<\/h2>\n\n\n\n<p class=\"wp-block-paragraph\"><strong>La r\u00e9ponse courte :<\/strong> l&#8217;empreinte carbone d&rsquo;un sac en papier europ\u00e9en a baiss\u00e9 de 9% entre 2021 et 2024, passant de 106,7 \u00e0 97,3 grammes de CO2e par sac. Les grands acheteurs demandent d\u00e9sormais ce chiffre, et une partie d\u00e9pend de l&rsquo;efficacit\u00e9 de votre ligne.<\/p>\n\n\n\n<p class=\"wp-block-paragraph\">La mesure provient d&rsquo;une analyse de cycle de vie r\u00e9alis\u00e9e par RISE pour le compte de l&rsquo;European Paper Sack Research Group, organisme commun \u00e0 EUROSAC et Cepi Eurokraft, publi\u00e9e en avril 2026. Outre le chiffre par sac, les \u00e9missions par tonne de kraft pour sacs ont recul\u00e9 de 5%, de 484 \u00e0 462 kilogrammes de CO2e. Les causes se situent principalement en amont : la part d&rsquo;\u00e9lectricit\u00e9 renouvelable et bas carbone est pass\u00e9e de 29% en 2021 \u00e0 54% en 2024, les biocombustibles ont atteint 85% des combustibles utilis\u00e9s sur site, et les usines ont produit 58% de leur propre \u00e9lectricit\u00e9. C\u00f4t\u00e9 transformation, les \u00e9missions li\u00e9es \u00e0 l&rsquo;\u00e9lectricit\u00e9 achet\u00e9e sur le r\u00e9seau ont chut\u00e9 de 44%.<\/p>\n\n\n\n<p class=\"wp-block-paragraph\">Si ce sujet rel\u00e8ve d&rsquo;une discussion sur la capacit\u00e9 plut\u00f4t que d&rsquo;un rapport de durabilit\u00e9, c&rsquo;est parce que le transformateur ma\u00eetrise une part r\u00e9elle du total. Les rebuts, c&rsquo;est du carbone incorpor\u00e9 jet\u00e9. L&rsquo;\u00e9nergie par millier de sacs est un poste de co\u00fbt direct. L&rsquo;efficacit\u00e9 mati\u00e8re, c&rsquo;est-\u00e0-dire la quantit\u00e9 minimale de papier pour un sac qui tient encore, d\u00e9pend de la machine et de son outillage. Une ligne \u00e0 4% de rebuts au lieu de 8% n&rsquo;am\u00e9liore pas seulement la marge, elle am\u00e9liore le chiffre que le service achats du client r\u00e9clame d\u00e9sormais.<\/p>\n\n\n\n<p class=\"wp-block-paragraph\"><strong>Ce que cela signifie pour votre planification.<\/strong> Exigez la consommation d&rsquo;\u00e9nergie et le taux de rebut attendu comme chiffres nomm\u00e9s dans toute offre de machine, pas comme une affirmation g\u00e9n\u00e9rale sur l&rsquo;efficacit\u00e9. Si un client est susceptible de demander une d\u00e9claration d&#8217;empreinte dans les trois ans, et dans les fili\u00e8res alimentaires et de distribution c&rsquo;est d\u00e9sormais courant, ce sont les deux chiffres avec lesquels vous devrez r\u00e9pondre.<\/p>\n\n\n\n<h2 class=\"wp-block-heading\">Force 5 : la pression des importations impose de trouver la marge dans le d\u00e9bit<\/h2>\n\n\n\n<p class=\"wp-block-paragraph\"><strong>La r\u00e9ponse courte :<\/strong> les importations ont atteint 7,7% de la consommation europ\u00e9enne de papier en 2025, la part la plus \u00e9lev\u00e9e jamais enregistr\u00e9e, et la production europ\u00e9enne reste 7,0% en dessous de son pic de 2021. Dans ce contexte, la marge se d\u00e9fend par les d\u00e9lais et les temps de changement de format, pas par le prix.<\/p>\n\n\n\n<p class=\"wp-block-paragraph\">Cepi a d\u00e9crit cette \u00e9volution comme une \u00e9rosion lente et continue de la base industrielle europ\u00e9enne, et non comme un creux conjoncturel. Pour les transformateurs, la cons\u00e9quence pratique est que concurrencer les produits import\u00e9s sur le prix est une position perdante, car la structure de co\u00fbts n&rsquo;est pas comparable. Ce qui est d\u00e9fendable, c&rsquo;est tout ce qui d\u00e9coule de la proximit\u00e9 du client : d\u00e9lais plus courts, tailles de lot \u00e9conomiques plus petites, r\u00e9action plus rapide \u00e0 un changement de format et s\u00e9curit\u00e9 d&rsquo;approvisionnement. Chacun de ces \u00e9l\u00e9ments d\u00e9pend de la vitesse de changement de format d&rsquo;une ligne et de sa r\u00e9gularit\u00e9.<\/p>\n\n\n\n<p class=\"wp-block-paragraph\">C&rsquo;est aussi ici que revient la question de la deuxi\u00e8me machine. Une ligne unique tournant au-del\u00e0 de 85% de sa capacit\u00e9 atteignable n&rsquo;a aucune marge pour proposer un d\u00e9lai court, puisque chaque commande s&rsquo;ajoute derri\u00e8re la pr\u00e9c\u00e9dente. Ajouter de la capacit\u00e9 rel\u00e8ve souvent moins du volume total que du rachat de la flexibilit\u00e9 qui permet de gagner les commandes que les importations ne peuvent pas servir. Nous d\u00e9taillons les seuils de taux d&rsquo;utilisation et l&rsquo;analyse financi\u00e8re dans notre guide sur <a href=\"https:\/\/www.newlong.nl\/fr\/blog\/developper-production-sacs-papier-deuxieme-machine\/\">quand et comment ajouter une deuxi\u00e8me machine<\/a>.<\/p>\n\n\n\n<h2 class=\"wp-block-heading\">Quatre questions avant d&rsquo;arr\u00eater votre budget 2027<\/h2>\n\n\n\n<ol class=\"wp-block-list\"><li><strong>Dans quelles sortes et quels segments se situe r\u00e9ellement votre carnet de commandes ?<\/strong> Comparez-le au tableau EUROSAC ci-dessus. Si plus de la moiti\u00e9 de votre volume est en ciment, votre hypoth\u00e8se de croissance doit \u00eatre stable \u00e0 l\u00e9g\u00e8rement n\u00e9gative, quoi que dise le total du march\u00e9.<\/li><li><strong>Votre ligne actuelle sera-t-elle encore conforme en 2030 ?<\/strong> V\u00e9rifiez d\u00e8s maintenant l&rsquo;aptitude au monomat\u00e9riau et la recyclabilit\u00e9 des fermetures, pas en 2029. Tout ce qui sera command\u00e9 en 2027 tournera encore \u00e0 cette date.<\/li><li><strong>Quelle est votre capacit\u00e9 atteignable, par opposition \u00e0 votre capacit\u00e9 nominale ?<\/strong> Mesurez la production par poste, la disponibilit\u00e9 r\u00e9elle contre planifi\u00e9e, la fr\u00e9quence des changements de format et le taux de rebut sur une fen\u00eatre glissante de quatre-vingt-dix jours. C&rsquo;est ce chiffre qui sert de base \u00e0 la planification.<\/li><li><strong>Pouvez-vous chiffrer votre consommation d&rsquo;\u00e9nergie et votre taux de rebut par millier de sacs ?<\/strong> Sinon, les d\u00e9clarations d&#8217;empreinte que r\u00e9clament d\u00e9j\u00e0 les clients de l&rsquo;alimentaire et de la distribution poseront probl\u00e8me.<\/li><\/ol>\n\n\n\n<h2 class=\"wp-block-heading\">Questions fr\u00e9quentes<\/h2>\n\n\n\n<h3 class=\"wp-block-heading\">Le march\u00e9 europ\u00e9en de l&#8217;emballage papier cro\u00eet-il ou recule-t-il en 2027 ?<\/h3>\n\n\n\n<p class=\"wp-block-paragraph\">Cela d\u00e9pend enti\u00e8rement de la sorte. La production europ\u00e9enne totale de papier et carton a recul\u00e9 de 1,6% en 2025 pour atteindre 77,4 millions de tonnes et a encore baiss\u00e9 de 2,4% au premier trimestre 2026, mais ce recul se concentre sur les papiers graphiques, en baisse de 7,3%, et le carton compact, en baisse de 5,6%. Les sortes de papier d&#8217;emballage utilis\u00e9es pour la fabrication de sacs ont progress\u00e9 de 1,0%, et les livraisons europ\u00e9ennes de sacs en papier de 2,7%. Pour un fabricant de sacs, le march\u00e9 pertinent cro\u00eet donc modestement, il ne recule pas.<\/p>\n\n\n\n<h3 class=\"wp-block-heading\">Combien de sacs en papier sont produits chaque ann\u00e9e en Europe ?<\/h3>\n\n\n\n<p class=\"wp-block-paragraph\">Les livraisons europ\u00e9ennes de sacs en papier ont atteint 5,69 milliards d&rsquo;unit\u00e9s en 2025, repr\u00e9sentant 704 504 tonnes de papier transform\u00e9, selon les statistiques EUROSAC publi\u00e9es en juin 2026. Le chiffre inclut des estimations pour les non-membres d&rsquo;EUROSAC et exclut l&rsquo;Ukraine et la Russie.<\/p>\n\n\n\n<h3 class=\"wp-block-heading\">Quels march\u00e9s finaux du sac en papier croissent le plus vite ?<\/h3>\n\n\n\n<p class=\"wp-block-paragraph\">En 2025, les segments les plus dynamiques \u00e9taient les produits min\u00e9raux \u00e0 6,4%, la poudre de lait \u00e0 6,3% et l&rsquo;alimentaire hors poudre de lait \u00e0 5,4%. Les aliments pour animaux ont progress\u00e9 de 3,9% et les semences de 2,7%. Le ciment est le seul segment en recul, \u00e0 moins 0,6%, alors qu&rsquo;il est le deuxi\u00e8me en volume.<\/p>\n\n\n\n<h3 class=\"wp-block-heading\">\u00c0 partir de quand le PPWR s&rsquo;applique-t-il r\u00e9ellement ?<\/h3>\n\n\n\n<p class=\"wp-block-paragraph\">Le r\u00e8glement europ\u00e9en relatif aux emballages et aux d\u00e9chets d&#8217;emballages s&rsquo;applique depuis le 12 ao\u00fbt 2026. D&rsquo;autres obligations entrent en vigueur progressivement \u00e0 partir de f\u00e9vrier 2027, et l&rsquo;exigence selon laquelle tout emballage doit \u00eatre recyclable, seules les classes A \u00e0 C \u00e9tant commercialisables, prend effet le 1er janvier 2030.<\/p>\n\n\n\n<h3 class=\"wp-block-heading\">Le PPWR signifie-t-il que j&rsquo;ai besoin d&rsquo;une nouvelle machine \u00e0 sacs ?<\/h3>\n\n\n\n<p class=\"wp-block-paragraph\">Pas n\u00e9cessairement, mais il signifie que toute machine achet\u00e9e aujourd&rsquo;hui doit \u00eatre sp\u00e9cifi\u00e9e sur les exigences de 2030 plut\u00f4t que sur celles d&rsquo;aujourd&rsquo;hui. Les questions qui comptent sont de savoir si la ligne peut traiter des constructions monomat\u00e9riau sans doublure plastique, si la m\u00e9thode de fermeture maintient le sac fini dans une seule fili\u00e8re de recyclage, et avec quelle facilit\u00e9 les formats peuvent \u00eatre modifi\u00e9s lorsque les clients reformulent leur emballage.<\/p>\n\n\n\n<h3 class=\"wp-block-heading\">Pourquoi la production papeti\u00e8re europ\u00e9enne baisse-t-elle si la demande d&#8217;emballage est stable ?<\/h3>\n\n\n\n<p class=\"wp-block-paragraph\">Parce que le recul se situe presque enti\u00e8rement dans des sortes sans rapport avec l&#8217;emballage. Les papiers graphiques pour l&rsquo;impression et l&rsquo;\u00e9criture sont en d\u00e9clin structurel et ont baiss\u00e9 de 7,3% en 2025. Les sortes d&#8217;emballage n&rsquo;ont boug\u00e9 que de 0,2%. De ce fait, la part de l&#8217;emballage dans la production europ\u00e9enne totale est pass\u00e9e de 62,9% \u00e0 63,9%, alors m\u00eame que le total reculait.<\/p>\n\n\n\n<h3 class=\"wp-block-heading\">Quelle est l&#8217;empreinte carbone d&rsquo;un sac en papier ?<\/h3>\n\n\n\n<p class=\"wp-block-paragraph\">Un sac en papier europ\u00e9en se situait en moyenne \u00e0 97,3 grammes de CO2e en 2024, soit 9% de moins que les 106,7 grammes de 2021. Les \u00e9missions par tonne de kraft pour sacs ont recul\u00e9 de 5% sur la m\u00eame p\u00e9riode, de 484 \u00e0 462 kilogrammes de CO2e. Ces chiffres proviennent d&rsquo;une analyse de cycle de vie r\u00e9alis\u00e9e par RISE pour l&rsquo;European Paper Sack Research Group, organisme commun \u00e0 EUROSAC et Cepi Eurokraft.<\/p>\n\n\n\n<h3 class=\"wp-block-heading\">Quelle part de l&#8217;empreinte d&rsquo;un sac en papier un transformateur peut-il influencer ?<\/h3>\n\n\n\n<p class=\"wp-block-paragraph\">L&rsquo;essentiel de l&#8217;empreinte na\u00eet lors de la production du papier, mais l&rsquo;\u00e9tape de transformation n&rsquo;est pas n\u00e9gligeable et c&rsquo;est celle que vous ma\u00eetrisez. Le taux de rebut, la consommation d&rsquo;\u00e9nergie par millier de sacs et l&rsquo;efficacit\u00e9 mati\u00e8re d\u00e9pendent tous de la ligne et de son outillage. Entre 2021 et 2024, les transformateurs de sacs ont r\u00e9duit de 44% leurs \u00e9missions li\u00e9es \u00e0 l&rsquo;\u00e9lectricit\u00e9 achet\u00e9e sur le r\u00e9seau.<\/p>\n\n\n\n<h3 class=\"wp-block-heading\">Faut-il investir dans de nouvelles capacit\u00e9s en 2027 ou attendre ?<\/h3>\n\n\n\n<p class=\"wp-block-paragraph\">Fondez la d\u00e9cision sur la capacit\u00e9 atteignable plut\u00f4t que sur les perspectives de march\u00e9. Si une ligne tourne au-del\u00e0 de 85% de sa capacit\u00e9 atteignable trois mois de suite, qu&rsquo;il n&rsquo;y a plus de marge pour la maintenance et que les heures suppl\u00e9mentaires figurent en permanence au planning, la d\u00e9monstration est g\u00e9n\u00e9ralement d\u00e9j\u00e0 faite. Si le taux d&rsquo;utilisation se situe entre 70 et 85%, il y a normalement plus \u00e0 gagner en r\u00e9duisant les temps de changement qu&rsquo;en ajoutant une machine.<\/p>\n\n\n\n<h3 class=\"wp-block-heading\">Quel est l&rsquo;effet des importations sur les transformateurs europ\u00e9ens ?<\/h3>\n\n\n\n<p class=\"wp-block-paragraph\">Les importations ont atteint 7,7% de la consommation europ\u00e9enne de papier en 2025, la part la plus \u00e9lev\u00e9e enregistr\u00e9e, et la production europ\u00e9enne reste 7,0% en dessous du pic de 2021. Concurrencer sur le prix est difficile car les structures de co\u00fbts diff\u00e8rent. Les avantages d\u00e9fendables tiennent \u00e0 la proximit\u00e9 : d\u00e9lais plus courts, tailles de lot \u00e9conomiques plus petites et r\u00e9action plus rapide aux changements de format.<\/p>\n\n\n\n<h3 class=\"wp-block-heading\">Quelle est la diff\u00e9rence entre papier d&#8217;emballage et kraft pour sacs ?<\/h3>\n\n\n\n<p class=\"wp-block-paragraph\">Le papier d&#8217;emballage est la cat\u00e9gorie statistique large de Cepi couvrant les sortes utilis\u00e9es pour la fabrication de sacs en papier. Le kraft pour sacs est la sorte kraft sp\u00e9cifique \u00e0 haute r\u00e9sistance destin\u00e9e aux sacs industriels multiplis, o\u00f9 la r\u00e9sistance \u00e0 l&rsquo;\u00e9clatement et \u00e0 la d\u00e9chirure compte parce que le sac rempli doit supporter la manutention et la palettisation.<\/p>\n\n\n\n<h3 class=\"wp-block-heading\">Une m\u00eame ligne peut-elle servir des clients du b\u00e2timent et de l&rsquo;alimentaire ?<\/h3>\n\n\n\n<p class=\"wp-block-paragraph\">Parfois, mais rarement sans difficult\u00e9. Les applications alimentaires imposent des exigences d&rsquo;hygi\u00e8ne, des tol\u00e9rances plus serr\u00e9es sur le rep\u00e9rage d&rsquo;impression, des changements de format plus fr\u00e9quents et souvent des lots plus petits. Une ligne optimis\u00e9e pour de longues s\u00e9ries uniformes de sacs de construction perdra une part importante de sa capacit\u00e9 effective en changements de format si elle est r\u00e9orient\u00e9e vers l&rsquo;alimentaire sans \u00eatre reconfigur\u00e9e.<\/p>\n\n\n\n<h2 class=\"wp-block-heading\">Planifier la capacit\u00e9 pour 2027<\/h2>\n\n\n\n<p class=\"wp-block-paragraph\">Les donn\u00e9es d\u00e9crivent un march\u00e9 du sac en papier qui cro\u00eet lentement, se d\u00e9place entre usages finaux et s&rsquo;appr\u00eate \u00e0 \u00eatre remodel\u00e9 par une \u00e9ch\u00e9ance r\u00e9glementaire qui arrivera avant que la plupart des machines achet\u00e9es aujourd&rsquo;hui n&rsquo;atteignent la moiti\u00e9 de leur vie. Cela plaide pour une planification d\u00e9lib\u00e9r\u00e9e, ni pr\u00e9cipitation ni attentisme.<\/p>\n\n\n\n<p class=\"wp-block-paragraph\">Si vous travaillez sur une d\u00e9cision de capacit\u00e9 pour 2027, notre \u00e9quipe d&rsquo;ing\u00e9nierie examinera vos donn\u00e9es de longueurs de s\u00e9rie, de formats et de taux d&rsquo;utilisation et vous dira honn\u00eatement si la r\u00e9ponse est une nouvelle ligne, une reconfiguration de l&rsquo;existante, ou aucune des deux. <a href=\"https:\/\/www.newlong.nl\/fr\/contact\/\">Contactez-nous<\/a> et nous partirons de vos propres chiffres.<\/p>\n\n\n\n<script type=\"application\/ld+json\">{\"@context\": \"https:\/\/schema.org\", \"@type\": \"FAQPage\", \"inLanguage\": \"fr\", \"mainEntity\": [{\"@type\": \"Question\", \"name\": \"Le march\u00e9 europ\u00e9en de l'emballage papier cro\u00eet-il ou recule-t-il en 2027 ?\", \"acceptedAnswer\": {\"@type\": \"Answer\", \"text\": \"Cela d\u00e9pend enti\u00e8rement de la sorte. La production europ\u00e9enne totale de papier et carton a recul\u00e9 de 1,6% en 2025 pour atteindre 77,4 millions de tonnes et a encore baiss\u00e9 de 2,4% au premier trimestre 2026, mais ce recul se concentre sur les papiers graphiques, en baisse de 7,3%, et le carton compact, en baisse de 5,6%. Les sortes de papier d'emballage utilis\u00e9es pour la fabrication de sacs ont progress\u00e9 de 1,0%, et les livraisons europ\u00e9ennes de sacs en papier de 2,7%. Pour un fabricant de sacs, le march\u00e9 pertinent cro\u00eet donc modestement, il ne recule pas.\"}}, {\"@type\": \"Question\", \"name\": \"Combien de sacs en papier sont produits chaque ann\u00e9e en Europe ?\", \"acceptedAnswer\": {\"@type\": \"Answer\", \"text\": \"Les livraisons europ\u00e9ennes de sacs en papier ont atteint 5,69 milliards d'unit\u00e9s en 2025, repr\u00e9sentant 704 504 tonnes de papier transform\u00e9, selon les statistiques EUROSAC publi\u00e9es en juin 2026. Le chiffre inclut des estimations pour les non-membres d'EUROSAC et exclut l'Ukraine et la Russie.\"}}, {\"@type\": \"Question\", \"name\": \"Quels march\u00e9s finaux du sac en papier croissent le plus vite ?\", \"acceptedAnswer\": {\"@type\": \"Answer\", \"text\": \"En 2025, les segments les plus dynamiques \u00e9taient les produits min\u00e9raux \u00e0 6,4%, la poudre de lait \u00e0 6,3% et l'alimentaire hors poudre de lait \u00e0 5,4%. Les aliments pour animaux ont progress\u00e9 de 3,9% et les semences de 2,7%. Le ciment est le seul segment en recul, \u00e0 moins 0,6%, alors qu'il est le deuxi\u00e8me en volume.\"}}, {\"@type\": \"Question\", \"name\": \"\u00c0 partir de quand le PPWR s'applique-t-il r\u00e9ellement ?\", \"acceptedAnswer\": {\"@type\": \"Answer\", \"text\": \"Le r\u00e8glement europ\u00e9en relatif aux emballages et aux d\u00e9chets d'emballages s'applique depuis le 12 ao\u00fbt 2026. D'autres obligations entrent en vigueur progressivement \u00e0 partir de f\u00e9vrier 2027, et l'exigence selon laquelle tout emballage doit \u00eatre recyclable, seules les classes A \u00e0 C \u00e9tant commercialisables, prend effet le 1er janvier 2030.\"}}, {\"@type\": \"Question\", \"name\": \"Le PPWR signifie-t-il que j'ai besoin d'une nouvelle machine \u00e0 sacs ?\", \"acceptedAnswer\": {\"@type\": \"Answer\", \"text\": \"Pas n\u00e9cessairement, mais il signifie que toute machine achet\u00e9e aujourd'hui doit \u00eatre sp\u00e9cifi\u00e9e sur les exigences de 2030 plut\u00f4t que sur celles d'aujourd'hui. Les questions qui comptent sont de savoir si la ligne peut traiter des constructions monomat\u00e9riau sans doublure plastique, si la m\u00e9thode de fermeture maintient le sac fini dans une seule fili\u00e8re de recyclage, et avec quelle facilit\u00e9 les formats peuvent \u00eatre modifi\u00e9s lorsque les clients reformulent leur emballage.\"}}, {\"@type\": \"Question\", \"name\": \"Pourquoi la production papeti\u00e8re europ\u00e9enne baisse-t-elle si la demande d'emballage est stable ?\", \"acceptedAnswer\": {\"@type\": \"Answer\", \"text\": \"Parce que le recul se situe presque enti\u00e8rement dans des sortes sans rapport avec l'emballage. Les papiers graphiques pour l'impression et l'\u00e9criture sont en d\u00e9clin structurel et ont baiss\u00e9 de 7,3% en 2025. Les sortes d'emballage n'ont boug\u00e9 que de 0,2%. De ce fait, la part de l'emballage dans la production europ\u00e9enne totale est pass\u00e9e de 62,9% \u00e0 63,9%, alors m\u00eame que le total reculait.\"}}, {\"@type\": \"Question\", \"name\": \"Quelle est l'empreinte carbone d'un sac en papier ?\", \"acceptedAnswer\": {\"@type\": \"Answer\", \"text\": \"Un sac en papier europ\u00e9en se situait en moyenne \u00e0 97,3 grammes de CO2e en 2024, soit 9% de moins que les 106,7 grammes de 2021. Les \u00e9missions par tonne de kraft pour sacs ont recul\u00e9 de 5% sur la m\u00eame p\u00e9riode, de 484 \u00e0 462 kilogrammes de CO2e. Ces chiffres proviennent d'une analyse de cycle de vie r\u00e9alis\u00e9e par RISE pour l'European Paper Sack Research Group, organisme commun \u00e0 EUROSAC et Cepi Eurokraft.\"}}, {\"@type\": \"Question\", \"name\": \"Quelle part de l'empreinte d'un sac en papier un transformateur peut-il influencer ?\", \"acceptedAnswer\": {\"@type\": \"Answer\", \"text\": \"L'essentiel de l'empreinte na\u00eet lors de la production du papier, mais l'\u00e9tape de transformation n'est pas n\u00e9gligeable et c'est celle que vous ma\u00eetrisez. Le taux de rebut, la consommation d'\u00e9nergie par millier de sacs et l'efficacit\u00e9 mati\u00e8re d\u00e9pendent tous de la ligne et de son outillage. Entre 2021 et 2024, les transformateurs de sacs ont r\u00e9duit de 44% leurs \u00e9missions li\u00e9es \u00e0 l'\u00e9lectricit\u00e9 achet\u00e9e sur le r\u00e9seau.\"}}, {\"@type\": \"Question\", \"name\": \"Faut-il investir dans de nouvelles capacit\u00e9s en 2027 ou attendre ?\", \"acceptedAnswer\": {\"@type\": \"Answer\", \"text\": \"Fondez la d\u00e9cision sur la capacit\u00e9 atteignable plut\u00f4t que sur les perspectives de march\u00e9. Si une ligne tourne au-del\u00e0 de 85% de sa capacit\u00e9 atteignable trois mois de suite, qu'il n'y a plus de marge pour la maintenance et que les heures suppl\u00e9mentaires figurent en permanence au planning, la d\u00e9monstration est g\u00e9n\u00e9ralement d\u00e9j\u00e0 faite. Si le taux d'utilisation se situe entre 70 et 85%, il y a normalement plus \u00e0 gagner en r\u00e9duisant les temps de changement qu'en ajoutant une machine.\"}}, {\"@type\": \"Question\", \"name\": \"Quel est l'effet des importations sur les transformateurs europ\u00e9ens ?\", \"acceptedAnswer\": {\"@type\": \"Answer\", \"text\": \"Les importations ont atteint 7,7% de la consommation europ\u00e9enne de papier en 2025, la part la plus \u00e9lev\u00e9e enregistr\u00e9e, et la production europ\u00e9enne reste 7,0% en dessous du pic de 2021. Concurrencer sur le prix est difficile car les structures de co\u00fbts diff\u00e8rent. Les avantages d\u00e9fendables tiennent \u00e0 la proximit\u00e9 : d\u00e9lais plus courts, tailles de lot \u00e9conomiques plus petites et r\u00e9action plus rapide aux changements de format.\"}}, {\"@type\": \"Question\", \"name\": \"Quelle est la diff\u00e9rence entre papier d'emballage et kraft pour sacs ?\", \"acceptedAnswer\": {\"@type\": \"Answer\", \"text\": \"Le papier d'emballage est la cat\u00e9gorie statistique large de Cepi couvrant les sortes utilis\u00e9es pour la fabrication de sacs en papier. Le kraft pour sacs est la sorte kraft sp\u00e9cifique \u00e0 haute r\u00e9sistance destin\u00e9e aux sacs industriels multiplis, o\u00f9 la r\u00e9sistance \u00e0 l'\u00e9clatement et \u00e0 la d\u00e9chirure compte parce que le sac rempli doit supporter la manutention et la palettisation.\"}}, {\"@type\": \"Question\", \"name\": \"Une m\u00eame ligne peut-elle servir des clients du b\u00e2timent et de l'alimentaire ?\", \"acceptedAnswer\": {\"@type\": \"Answer\", \"text\": \"Parfois, mais rarement sans difficult\u00e9. Les applications alimentaires imposent des exigences d'hygi\u00e8ne, des tol\u00e9rances plus serr\u00e9es sur le rep\u00e9rage d'impression, des changements de format plus fr\u00e9quents et souvent des lots plus petits. Une ligne optimis\u00e9e pour de longues s\u00e9ries uniformes de sacs de construction perdra une part importante de sa capacit\u00e9 effective en changements de format si elle est r\u00e9orient\u00e9e vers l'alimentaire sans \u00eatre reconfigur\u00e9e.\"}}]}<\/script>\n\n","protected":false},"excerpt":{"rendered":"<p>La production papeti\u00e8re europ\u00e9enne recule, mais les sortes pour sacs en papier progressent. Cinq forces \u00e9tay\u00e9es pour votre planification de capacit\u00e9 2027.<\/p>\n","protected":false},"author":2,"featured_media":4693,"comment_status":"","ping_status":"","sticky":false,"template":"","format":"standard","meta":{"footnotes":""},"categories":[2],"tags":[],"class_list":["post-4721","post","type-post","status-publish","format-standard","has-post-thumbnail","hentry","category-blog-fr"],"_links":{"self":[{"href":"https:\/\/www.newlong.nl\/fr\/wp-json\/wp\/v2\/posts\/4721","targetHints":{"allow":["GET"]}}],"collection":[{"href":"https:\/\/www.newlong.nl\/fr\/wp-json\/wp\/v2\/posts"}],"about":[{"href":"https:\/\/www.newlong.nl\/fr\/wp-json\/wp\/v2\/types\/post"}],"author":[{"embeddable":true,"href":"https:\/\/www.newlong.nl\/fr\/wp-json\/wp\/v2\/users\/2"}],"replies":[{"embeddable":true,"href":"https:\/\/www.newlong.nl\/fr\/wp-json\/wp\/v2\/comments?post=4721"}],"version-history":[{"count":0,"href":"https:\/\/www.newlong.nl\/fr\/wp-json\/wp\/v2\/posts\/4721\/revisions"}],"wp:featuredmedia":[{"embeddable":true,"href":"https:\/\/www.newlong.nl\/fr\/wp-json\/wp\/v2\/media\/4693"}],"wp:attachment":[{"href":"https:\/\/www.newlong.nl\/fr\/wp-json\/wp\/v2\/media?parent=4721"}],"wp:term":[{"taxonomy":"category","embeddable":true,"href":"https:\/\/www.newlong.nl\/fr\/wp-json\/wp\/v2\/categories?post=4721"},{"taxonomy":"post_tag","embeddable":true,"href":"https:\/\/www.newlong.nl\/fr\/wp-json\/wp\/v2\/tags?post=4721"}],"curies":[{"name":"wp","href":"https:\/\/api.w.org\/{rel}","templated":true}]}}